{"id":4175,"date":"2023-12-20T17:00:26","date_gmt":"2023-12-20T16:00:26","guid":{"rendered":"https:\/\/www.snowell.com\/ski-tips\/?p=4175"},"modified":"2024-09-25T17:22:34","modified_gmt":"2024-09-25T15:22:34","slug":"nouvelles-remontees-mecaniques-en-italie-2023-2024","status":"publish","type":"post","link":"https:\/\/fr.snowell.com\/ski-tips\/nouvelles-remontees-mecaniques-en-italie-2023-2024\/","title":{"rendered":"Nouvelles remont\u00e9es m\u00e9caniques en Italie 2023\/2024"},"content":{"rendered":"<div class=\"wpb-content-wrapper\"><p>[vc_row][vc_column width=\u00a0\u00bb1\/1&Prime;][vc_column_text uncode_shortcode_id=\u00a0\u00bb208626&Prime;]<\/p>\n<h2>Nouvelles remont\u00e9es m\u00e9caniques et t\u00e9l\u00e9cabines dans les domaines skiables en Italie<\/h2>\n<p>Dans les stations de ski italiennes, on investit constamment dans de nouvelles infrastructures de remont\u00e9es m\u00e9caniques. Tu peux lire ici quelles remont\u00e9es m\u00e9caniques seront mises en service au cours de la saison d&rsquo;hiver 2023\/2024. Tout est mis en \u0153uvre pour offrir aux amateurs de sports d&rsquo;hiver en Italie une exp\u00e9rience de ski et de snowboard exceptionnelle.[\/vc_column_text][\/vc_column][\/vc_row][vc_row][vc_column width=\u00a0\u00bb1\/1&Prime;][vc_column_text uncode_shortcode_id=\u00a0\u00bb210752&Prime;]<\/p>\n<h3>Madonna di Campiglio \/ Pinzolo \/ Folgarida \/ Marilleva<\/h3>\n<h4>Pra Rodont Doss del Sabion &#8211; T\u00e9l\u00e9cabine 10 places<\/h4>\n<p>De plus en plus de t\u00e9l\u00e9si\u00e8ges sont remplac\u00e9s par des t\u00e9l\u00e9cabines. C&rsquo;est \u00e9galement le cas \u00e0 <a href=\"https:\/\/fr.snowell.com\/location-ski\/italie\/haut-adige-trentin\/dolomiti-di-brenta\/pinzolo\/\" target=\"_blank\" rel=\"noopener\">Pinzolo<\/a>. Une nouvelle t\u00e9l\u00e9cabine portant le m\u00eame nom que l&rsquo;ancien t\u00e9l\u00e9si\u00e8ge 4 places Pra Rodont Doss del Sabion y est en construction.<\/p>\n<p>Chaque t\u00e9l\u00e9cabine pourra transporter 10 personnes, ce qui am\u00e9liorera nettement la fluidit\u00e9 dans le domaine skiable populaire de Pinzolo \/ <a href=\"https:\/\/fr.snowell.com\/location-ski\/italie\/haut-adige-trentin\/dolomiti-di-brenta\/madonna-di-campiglio\/\" target=\"_blank\" rel=\"noopener\">Madonna di Campiglio<\/a>. Les skieurs et snowboarders doivent d\u00e9sormais attendre moins longtemps et peuvent en outre profiter d&rsquo;un plus grand confort.<\/p>\n<p>La nouvelle remont\u00e9e, qui partira \u00e9galement de Pinzolo, sera construite \u00e0 proximit\u00e9 de l&rsquo;ancien t\u00e9l\u00e9si\u00e8ge. Afin que les clients puissent voir encore plus les magnifiques environs et le panorama de montagne, une nouvelle plateforme panoramique sera install\u00e9e \u00e0 la station sup\u00e9rieure.[\/vc_column_text][vc_single_image media=\u00a0\u00bb4149&Prime; media_width_percent=\u00a0\u00bb100&Prime; uncode_shortcode_id=\u00a0\u00bb110587&Prime;][vc_column_text uncode_shortcode_id=\u00a0\u00bb858809&Prime;]\u00a9 photos Skiarea Campiglio Dolomiti di Brenta<br \/>\nNouvelles remont\u00e9es m\u00e9caniques en Italie 2023\/2024 \u2744\ufe0f <a href=\"https:\/\/www.ski.it\/en\" target=\"_blank\" rel=\"noopener\">Skiarea Campiglio Dolomiti di Brenta Val di Sole Val Rendena<\/a>[\/vc_column_text][\/vc_column][\/vc_row][vc_row][vc_column width=\u00a0\u00bb1\/1&Prime;][vc_column_text uncode_shortcode_id=\u00a0\u00bb166957&Prime;]<\/p>\n<h3>Brixen \/ Plose<\/h3>\n<h4>Plosebahn \/ T\u00e9l\u00e9cabine de Plose (Plose I et II)<\/h4>\n<p>Il sera enfin l\u00e0 pour la saison d&rsquo;hiver 2023\/2024 ! \u00c0 <a href=\"https:\/\/fr.snowell.com\/location-ski\/italie\/haut-adige-trentin\/eisacktal-valle-isarco\/brixen\/\" target=\"_blank\" rel=\"noopener\">Brixen<\/a> dans le domaine skiable de Plose dans le Tyrol du Sud, l&rsquo;ancienne t\u00e9l\u00e9cabine 6 places sera remplac\u00e9e par une nouvelle t\u00e9l\u00e9cabine 10 places. En fait, il s&rsquo;agit de 2 remont\u00e9es avec station interm\u00e9diaire, \u00e0 savoir Plose I et Plose II.<\/p>\n<p>Comme la t\u00e9l\u00e9cabine de Plose constitue l&rsquo;une des principales liaisons entre <a href=\"https:\/\/fr.snowell.com\/location-ski\/italie\/haut-adige-trentin\/eisacktal-valle-isarco\/brixen\/sportservice-erwin-stricker\/\" target=\"_blank\" rel=\"noopener\">St. Andr\u00e4<\/a> et le Kreuztal, de nombreux amateurs de sports d&rsquo;hiver se r\u00e9jouiront de la mise en service de la nouvelle t\u00e9l\u00e9cabine.<\/p>\n<p>Les personnes handicap\u00e9es et les familles avec des poussettes peuvent d\u00e9sormais \u00e9galement monter en t\u00e9l\u00e9cabine pour profiter de la belle vue sur la vall\u00e9e de Bressanone. En \u00e9t\u00e9, les VTT et les mountaincarts ne doivent plus \u00eatre hiss\u00e9s dans la t\u00e9l\u00e9cabine, mais sont barqu\u00e9s et d\u00e9barqu\u00e9s de mani\u00e8re enti\u00e8rement automatique.<\/p>\n<p>Avec une nouvelle station inf\u00e9rieure, interm\u00e9diaire et sup\u00e9rieure, de l&rsquo;espace a \u00e9t\u00e9 cr\u00e9\u00e9 pour plus de services (location et vente d&rsquo;\u00e9quipements sportifs, point d&rsquo;information, etc.).<\/p>\n<p>Comme la t\u00e9l\u00e9cabine dispose d&rsquo;une station interm\u00e9diaire, les skieurs et snowboarders peuvent d\u00e9sormais profiter des pistes situ\u00e9es plus haut entre la montagne et la station interm\u00e9diaire, m\u00eame lorsque les conditions d&rsquo;enneigement sont moins bonnes. En outre, la piste de luge de 9 kilom\u00e8tres, appel\u00e9e RudiRun, peut d\u00e9sormais \u00eatre mieux utilis\u00e9e.<\/p>\n<p>La remont\u00e9e a \u00e9t\u00e9 construite de la mani\u00e8re la plus \u00e9cologique possible, en tenant compte des zones de protection des eaux existantes, et s&rsquo;int\u00e8gre bien dans le paysage.[\/vc_column_text][vc_single_image media=\u00a0\u00bb4144&Prime; media_width_percent=\u00a0\u00bb100&Prime; uncode_shortcode_id=\u00a0\u00bb185454&Prime;][vc_column_text uncode_shortcode_id=\u00a0\u00bb906232&Prime;]\u00a9 photos Plose Ski AG | LEITNER<br \/>\nNouvelles remont\u00e9es m\u00e9caniques en Italie 2023\/2024\u00a0<strong>\u2744\ufe0f<\/strong> <a href=\"https:\/\/www.brixen.org\/en\/holidays-brixen-italy\" target=\"_blank\" rel=\"noopener\">Brixen<\/a> &#8211; <a href=\"https:\/\/www.plose.org\/en\/\" target=\"_blank\" rel=\"noopener\">Plose<\/a>[\/vc_column_text][\/vc_column][\/vc_row][vc_row][vc_column width=\u00a0\u00bb1\/1&Prime;][vc_column_text uncode_shortcode_id=\u00a0\u00bb118183&Prime;]<\/p>\n<h3>Folgaria &#8211; Passo Coe<\/h3>\n<h4>Cima Plaut &#8211; T\u00e9l\u00e9si\u00e8ge 4 places<\/h4>\n<p>Les skieurs et snowboarders d\u00e9butants peuvent respirer dans le domaine skiable de <a href=\"https:\/\/fr.snowell.com\/location-ski\/italie\/haut-adige-trentin\/alpe-cimbra\/folgaria\/\" target=\"_blank\" rel=\"noopener\">Folgaria<\/a>. Le t\u00e9l\u00e9ski \u00e0 assiettes Plaut, difficile \u00e0 utiliser pour certains, a \u00e9t\u00e9 remplac\u00e9 par un t\u00e9l\u00e9si\u00e8ge 4 places appel\u00e9 Passo Coe &#8211; Cima Plaut. Les jambes fatigu\u00e9es peuvent se reposer pendant la mont\u00e9e, avant de redescendre avec les skis et les snowboards.<\/p>\n<p>Un autre avantage du nouveau t\u00e9l\u00e9si\u00e8ge est qu&rsquo;il peut \u00e9galement \u00eatre utilis\u00e9 en \u00e9t\u00e9 par les randonneurs et les v\u00e9t\u00e9tistes. Le nouveau t\u00e9l\u00e9si\u00e8ge est donc une \u00e9norme am\u00e9lioration.[\/vc_column_text][vc_column_text uncode_shortcode_id=\u00a0\u00bb245533&Prime;]<iframe title=\"YouTube video player\" src=\"https:\/\/www.youtube.com\/embed\/BGoSmCt0xkc\" width=\"560\" height=\"315\" frameborder=\"0\" allowfullscreen=\"allowfullscreen\"><span data-mce-type=\"bookmark\" style=\"display: inline-block; width: 0px; overflow: hidden; line-height: 0;\" class=\"mce_SELRES_start\">\ufeff<\/span><\/iframe><br \/>\nNouvelles remont\u00e9es m\u00e9caniques en Italie 2023\/2024 \u2744\ufe0f <a href=\"https:\/\/www.alpecimbra.it\/en\/alpe-cimbra\/\" target=\"_blank\" rel=\"noopener\">Folgaria &#8211; Alpe Cimbra<\/a>[\/vc_column_text][\/vc_column][\/vc_row][vc_row][vc_column width=\u00a0\u00bb1\/1&Prime;][vc_column_text uncode_shortcode_id=\u00a0\u00bb195952&Prime;]<\/p>\n<h3>Passo Tonale<\/h3>\n<h4>Valena &#8211; T\u00e9l\u00e9si\u00e8ge 6 places<\/h4>\n<p>Le t\u00e9l\u00e9si\u00e8ge 6 places Valena repr\u00e9sente une \u00e9volution impressionnante dans le domaine skiable de Ponte di Legno \/ <a href=\"https:\/\/fr.snowell.com\/location-ski\/italie\/lombardie-lombardia\/val-di-sole\/passo-tonale\/\" target=\"_blank\" rel=\"noopener\">Tonale<\/a> \/ Glacier de Presena \/ Tem\u00f9 (Ponte di Legno &#8211; Tonale). En service depuis 2023, ce t\u00e9l\u00e9si\u00e8ge remplace le t\u00e9l\u00e9si\u00e8ge 4 places Valena du m\u00eame nom, qui \u00e9tait en service depuis 2002.<\/p>\n<p>Le t\u00e9l\u00e9si\u00e8ge est \u00e9quip\u00e9 de capots de protection contre les intemp\u00e9ries qui prot\u00e8gent des conditions m\u00e9t\u00e9orologiques d\u00e9sagr\u00e9ables. En outre, le t\u00e9l\u00e9si\u00e8ge dispose \u00e9galement de si\u00e8ges chauffants qui assurent un confort suppl\u00e9mentaire pendant le trajet. Sans oublier la s\u00e9curit\u00e9 enfants, qui rend le trajet plus s\u00fbr pour les plus jeunes skieurs et snowboarders.<\/p>\n<p>En automne et au printemps, la nouvelle remont\u00e9e transporte \u00e9galement les clients du domaine du glacier de Presena.[\/vc_column_text][vc_single_image media=\u00a0\u00bb4157&Prime; media_width_percent=\u00a0\u00bb100&Prime; uncode_shortcode_id=\u00a0\u00bb284678&Prime;][vc_column_text uncode_shortcode_id=\u00a0\u00bb615895&Prime;]\u00a9 photos Consorzio Pontedilegno-Tonale | LEITNER<br \/>\nNouvelles remont\u00e9es m\u00e9caniques en Italie 2023\/2024 \u2744\ufe0f <a href=\"https:\/\/www.visitvaldisole.it\/en\" target=\"_blank\" rel=\"noopener\">Passo Tonale<\/a> &#8211; <a href=\"https:\/\/www.pontedilegnotonale.com\/en\/\" target=\"_blank\" rel=\"noopener\">Pontedilegno-Tonale<\/a>[\/vc_column_text][\/vc_column][\/vc_row][vc_row][vc_column width=\u00a0\u00bb1\/1&Prime;][vc_column_text uncode_shortcode_id=\u00a0\u00bb119734&Prime;]<\/p>\n<h3>Schnals<\/h3>\n<h4>Schnalstaler Gletscherbahn \/ T\u00e9l\u00e9ph\u00e9rique du glacier du Schnalstal<\/h4>\n<p>La Schnalstaler Gletscherbahn est un chef-d&rsquo;\u0153uvre de l&rsquo;ing\u00e9nierie moderne et un enrichissement pour les sports d&rsquo;hiver dans toute la r\u00e9gion alpine. Con\u00e7u comme un t\u00e9l\u00e9ph\u00e9rique \u00e0 va-et vient, il provient de la maison Doppelmayr, l&rsquo;un des principaux fabricants de technologie de t\u00e9l\u00e9ph\u00e9rique.<\/p>\n<p>Une caract\u00e9ristique impressionnante du t\u00e9l\u00e9ph\u00e9rique du glacier de Schnalstal \/ Val Senales est la taille de ses cabines. Chaque cabine peut accueillir jusqu&rsquo;\u00e0 80 personnes, permettant une capacit\u00e9 \u00e9lev\u00e9e de 800 personnes par heure. Cela r\u00e9duira consid\u00e9rablement les temps d&rsquo;attente, en particulier lors des journ\u00e9es de forte affluence, et am\u00e9liorera ainsi consid\u00e9rablement l&rsquo;exp\u00e9rience du ski et des sports d&rsquo;hiver.<\/p>\n<p>La station inf\u00e9rieure se trouve \u00e0 2 011 m\u00e8tres d&rsquo;altitude, tandis que la station sup\u00e9rieure se trouve \u00e0 une hauteur impressionnante de 3 212 m\u00e8tres. D&rsquo;une longueur de 2 154 m\u00e8tres, le train propose un voyage impressionnant \u00e0 travers les montagnes.<\/p>\n<p>La technologie et la conception modernes du t\u00e9l\u00e9ph\u00e9rique garantissent un transport s\u00fbr et confortable, m\u00eame dans des conditions m\u00e9t\u00e9orologiques extr\u00eames. Les diff\u00e9rences d\u2019altitude et la rapidit\u00e9 du transport font du t\u00e9l\u00e9ph\u00e9rique l&rsquo;une des art\u00e8res de transport les plus importantes du domaine skiable de Schnalstal \/ Val Senales et offrent aux habitants et aux touristes un moyen efficace et confortable de profiter du paysage montagneux \u00e0 couper le souffle autour de <a href=\"https:\/\/fr.snowell.com\/location-ski\/italie\/haut-adige-trentin\/meran-merano\/schnals\/\" target=\"_blank\" rel=\"noopener\">Schnals<\/a>.<\/p>\n<p>L&rsquo;am\u00e9lioration de l&rsquo;accessibilit\u00e9 du glacier devrait encore accro\u00eetre l&rsquo;attractivit\u00e9 de la vall\u00e9e de Schnals \/ Val Senales en tant que destination de sports d&rsquo;hiver.<\/p>\n<p>En bref, le nouveau t\u00e9l\u00e9ph\u00e9rique glaciaire du Schnalstal \/ Val Senales constitue un ajout remarquable \u00e0 la r\u00e9gion alpine. Il \u00e9tablit de nouvelles normes en termes de capacit\u00e9, de vitesse et de hauteur et constitue un exemple impressionnant des avanc\u00e9es technologiques dans la construction de t\u00e9l\u00e9ph\u00e9riques.[\/vc_column_text][vc_column_text uncode_shortcode_id=\u00a0\u00bb120921&Prime;]<iframe title=\"YouTube video player\" src=\"https:\/\/www.youtube.com\/embed\/18ou20trtaY\" width=\"560\" height=\"315\" frameborder=\"0\" allowfullscreen=\"allowfullscreen\"><span data-mce-type=\"bookmark\" style=\"display: inline-block; width: 0px; overflow: hidden; line-height: 0;\" class=\"mce_SELRES_start\">\ufeff<\/span><\/iframe><br \/>\nNouvelles remont\u00e9es m\u00e9caniques en Italie 2023\/2024 \u2744\ufe0f <a href=\"https:\/\/www.schnalstal.com\/en\/val-senales-glacier\" target=\"_blank\" rel=\"noopener\">Schnals<\/a>[\/vc_column_text][\/vc_column][\/vc_row]<\/p>\n<\/div>","protected":false},"excerpt":{"rendered":"<p>[vc_row][vc_column width=\u00a0\u00bb1\/1&Prime;][vc_column_text uncode_shortcode_id=\u00a0\u00bb208626&Prime;] Nouvelles remont\u00e9es m\u00e9caniques et t\u00e9l\u00e9cabines dans les domaines skiables en Italie Dans les stations de ski italiennes, [&hellip;]<\/p>\n","protected":false},"author":3,"featured_media":4139,"comment_status":"closed","ping_status":"open","sticky":false,"template":"","format":"video","meta":{"footnotes":""},"categories":[456],"tags":[465,506,505,459,507],"class_list":["post-4175","post","type-post","status-publish","format-video","has-post-thumbnail","hentry","category-nouvelles-des-vacances-au-ski","tag-bergbahnen","tag-neuigkeiten","tag-skigebiete","tag-skiurlaub","tag-wissenswertes","post_format-post-format-video"],"_links":{"self":[{"href":"https:\/\/fr.snowell.com\/ski-tips\/wp-json\/wp\/v2\/posts\/4175","targetHints":{"allow":["GET"]}}],"collection":[{"href":"https:\/\/fr.snowell.com\/ski-tips\/wp-json\/wp\/v2\/posts"}],"about":[{"href":"https:\/\/fr.snowell.com\/ski-tips\/wp-json\/wp\/v2\/types\/post"}],"author":[{"embeddable":true,"href":"https:\/\/fr.snowell.com\/ski-tips\/wp-json\/wp\/v2\/users\/3"}],"replies":[{"embeddable":true,"href":"https:\/\/fr.snowell.com\/ski-tips\/wp-json\/wp\/v2\/comments?post=4175"}],"version-history":[{"count":4,"href":"https:\/\/fr.snowell.com\/ski-tips\/wp-json\/wp\/v2\/posts\/4175\/revisions"}],"predecessor-version":[{"id":5018,"href":"https:\/\/fr.snowell.com\/ski-tips\/wp-json\/wp\/v2\/posts\/4175\/revisions\/5018"}],"wp:featuredmedia":[{"embeddable":true,"href":"https:\/\/fr.snowell.com\/ski-tips\/wp-json\/wp\/v2\/media\/4139"}],"wp:attachment":[{"href":"https:\/\/fr.snowell.com\/ski-tips\/wp-json\/wp\/v2\/media?parent=4175"}],"wp:term":[{"taxonomy":"category","embeddable":true,"href":"https:\/\/fr.snowell.com\/ski-tips\/wp-json\/wp\/v2\/categories?post=4175"},{"taxonomy":"post_tag","embeddable":true,"href":"https:\/\/fr.snowell.com\/ski-tips\/wp-json\/wp\/v2\/tags?post=4175"}],"curies":[{"name":"wp","href":"https:\/\/api.w.org\/{rel}","templated":true}]}}