{"id":3626,"date":"2023-10-02T17:00:40","date_gmt":"2023-10-02T15:00:40","guid":{"rendered":"https:\/\/www.snowell.com\/ski-tips\/nouvelles-remontees-mecaniques-en-suisse-2023-2024\/"},"modified":"2024-09-25T15:34:46","modified_gmt":"2024-09-25T13:34:46","slug":"nouvelles-remontees-mecaniques-en-suisse-2023-2024","status":"publish","type":"post","link":"https:\/\/fr.snowell.com\/ski-tips\/nouvelles-remontees-mecaniques-en-suisse-2023-2024\/","title":{"rendered":"Nouvelles remont\u00e9es m\u00e9caniques en Suisse 2023\/2024"},"content":{"rendered":"<div class=\"wpb-content-wrapper\"><p>[vc_row][vc_column width=\u00a0\u00bb1\/1&Prime;][vc_column_text uncode_shortcode_id=\u00a0\u00bb535019&Prime;]<\/p>\n<h2>Nouvelles remont\u00e9es m\u00e9caniques et t\u00e9l\u00e9cabines dans les domaines skiables de Suisse<\/h2>\n<p>De nombreux domaines skiables en Suisse travaillent dur pour achever de nouvelles remont\u00e9es m\u00e9caniques et t\u00e9l\u00e9ph\u00e9riques \u00e0 temps pour la saison d&rsquo;hiver 2023\/2024. SNOWELL a recherch\u00e9 pour vous quels nouvelles remont\u00e9es m\u00e9caniques et t\u00e9l\u00e9ph\u00e9riques seront construits et o\u00f9.[\/vc_column_text][\/vc_column][\/vc_row][vc_row][vc_column width=\u00a0\u00bb1\/1&Prime;][vc_column_text uncode_shortcode_id=\u00a0\u00bb137516&Prime;]<\/p>\n<h3>Zermatt &#8211; Matterhorn<\/h3>\n<p>Le magnifique et vaste domaine skiable de <a href=\"https:\/\/fr.snowell.com\/location-ski\/suisse\/valais\/region-valais\/zermatt\/\" target=\"_blank\" rel=\"noopener\">Zermatt<\/a> \/ <a href=\"https:\/\/fr.snowell.com\/location-ski\/italie\/vallee-d-aoste\/vallee-d-aoste-valle-d-aosta\/breuil-cervinia\/\" target=\"_blank\" rel=\"noopener\">Breuil-Cervinia<\/a> \/ Valtournenche &#8211; Matterhorn a beaucoup investi pour que ses h\u00f4tes se sentent comme chez eux. Le t\u00e9l\u00e9ph\u00e9rique de 80 places de Furi a \u00e9t\u00e9 remplac\u00e9 par un t\u00e9l\u00e9ph\u00e9rique de 100 places et un deuxi\u00e8me t\u00e9l\u00e9ph\u00e9rique appel\u00e9 Alpine Crossing a \u00e9t\u00e9 construit pour relier Testa Grigia \u00e0 la r\u00e9gion du glacier du Matterhorn.<\/p>\n<h4>Furi &#8211; t\u00e9l\u00e9ph\u00e9rique de 100 places<\/h4>\n<p>L&rsquo;ancien t\u00e9l\u00e9ph\u00e9rique de Furi, affectueusement appel\u00e9 \u00ab\u00a0vieille dame\u00a0\u00bb par les employ\u00e9s, qui transportait autrefois 80 personnes, a \u00e9t\u00e9 mis hors service. Mais ne vous inqui\u00e9tez pas, car sur le domaine glaciaire de Zermatt, il est toujours possible de faire non seulement du ski ou du snowboard, mais aussi de la randonn\u00e9e et de la luge.<\/p>\n<p>Le t\u00e9l\u00e9ph\u00e9rique a \u00e9t\u00e9 remplac\u00e9 par un t\u00e9l\u00e9ph\u00e9rique de 100 places. Le nom du t\u00e9l\u00e9ph\u00e9rique reste le m\u00eame et bien que davantage de personnes puissent d\u00e9sormais prendre place dans la cabine, on a \u00e9galement cr\u00e9\u00e9 plus d&rsquo;espace par personne. Plus de confort et un acc\u00e8s plus rapide au domaine skiable, telle est la devise.<\/p>\n<p>La station inf\u00e9rieure Schlumatte a \u00e9galement \u00e9t\u00e9 enti\u00e8rement r\u00e9nov\u00e9e et pr\u00e9sente non seulement un aspect tr\u00e8s moderne et attrayant, mais offre \u00e9galement plus de place pour les clients et leur \u00e9quipement.<\/p>\n<h4>Matterhorn Alpine Crossing: Testa Grigia &#8211; Matterhorn Glacier Paradise<\/h4>\n<p>Un r\u00eave est devenu r\u00e9alit\u00e9 ! En juillet 2023, le nouveau t\u00e9l\u00e9ph\u00e9rique 3-S appel\u00e9 Alpine Crossing a \u00e9t\u00e9 mis en service, cr\u00e9ant ainsi la plus haute liaison alpine par t\u00e9l\u00e9ph\u00e9rique entre deux pays. D\u00e9sormais, tu pourras aller de Zermatt \u00e0 Breuil-Cervinia et vice-versa en une heure gr\u00e2ce \u00e0 ce t\u00e9l\u00e9ph\u00e9rique aux magnifiques fen\u00eatres panoramiques. Skier ou faire du snowboard dans deux pays pendant les m\u00eames vacances.<\/p>\n<p>Avec le Matterhorn Alpine Crossing, tu peux skier dans le domaine skiable Matterhorn Glacier Paradise non seulement en hiver, mais aussi en \u00e9t\u00e9. Et bien s\u00fbr, la r\u00e9gion est aussi un v\u00e9ritable paradis pour les randonneurs.<\/p>\n<p>La magnifique station inf\u00e9rieure en bois se trouve \u00e0 Testa Grigia, du c\u00f4t\u00e9 italien, et la station sup\u00e9rieure m\u00e8ne au vaste b\u00e2timent du Matterhorn Glacier Ride. Les cabines Crystal Ride font du trajet une exp\u00e9rience fantastique gr\u00e2ce au plancher en verre int\u00e9gr\u00e9.<\/p>\n<p>Les Zermatt Bergbahnen s\u2019efforcent toujours \u00e0 construire de la mani\u00e8re la plus durable possible et en respectant l&rsquo;environnement, et ils y sont parvenus avec le nouvel Alpine Crossing, y compris les panneaux solaires sur la fa\u00e7ade de 74 m2.[\/vc_column_text][vc_column_text uncode_shortcode_id=\u00a0\u00bb393303&Prime;]<iframe title=\"YouTube video player\" src=\"https:\/\/www.youtube.com\/embed\/xLbXvnNwwmw\" width=\"560\" height=\"315\" frameborder=\"0\" allowfullscreen=\"allowfullscreen\"><span data-mce-type=\"bookmark\" style=\"display: inline-block; width: 0px; overflow: hidden; line-height: 0;\" class=\"mce_SELRES_start\">\ufeff<\/span><\/iframe><br \/>\nNouvelles remont\u00e9es m\u00e9caniques en Suisse 2023\/2024 \u2744\ufe0f <a href=\"https:\/\/www.matterhornparadise.ch\/fr\" target=\"_blank\" rel=\"noopener\">Matterhorn Zermatt Bergbahnen<\/a>[\/vc_column_text][\/vc_column][\/vc_row][vc_row][vc_column width=\u00a0\u00bb1\/1&Prime;][vc_column_text uncode_shortcode_id=\u00a0\u00bb137497&Prime;]<\/p>\n<h3>Flims &#8211; Laax &#8211; Falera<\/h3>\n<h4>FlemXpress &#8211; taxi-t\u00e9l\u00e9cabine<\/h4>\n<p>Vous avez une nouveaut\u00e9 mondiale dans le domaine skiable de <a href=\"https:\/\/fr.snowell.com\/location-ski\/suisse\/les-grisons\/region-les-grisons\/flims\/\" target=\"_blank\" rel=\"noopener\">Flims<\/a> &#8211; <a href=\"https:\/\/fr.snowell.com\/location-ski\/suisse\/les-grisons\/region-les-grisons\/laax\/\" target=\"_blank\" rel=\"noopener\">Laax<\/a> &#8211; <a href=\"https:\/\/fr.snowell.com\/location-ski\/suisse\/les-grisons\/region-les-grisons\/falera\/\" target=\"_blank\" rel=\"noopener\">Falera<\/a>: le nouveau FlemXpress n&rsquo;est pas une t\u00e9l\u00e9cabine normale de 10 places, mais est \u00e9galement appel\u00e9 taxi-t\u00e9l\u00e9cabine (syst\u00e8me Ropetaxi). Pourquoi un taxi-t\u00e9l\u00e9cabine? Tout comme pour un taxi, vous pouvez plus ou moins d\u00e9cider o\u00f9 vous montez et descendez.<\/p>\n<p>Le t\u00e9l\u00e9ph\u00e9rique circule entre 6 stations de remont\u00e9es m\u00e9caniques, \u00e0 savoir Flims, Foppa, Startgels, Segnes, Nagens Sure et Ils Cugns\/Cassons. On monte et on choisit ensuite l&rsquo;endroit o\u00f9 l&rsquo;on souhaite descendre en appuyant sur un bouton, et la t\u00e9l\u00e9cabine se rend alors \u00e0 l&rsquo;endroit choisi sans s&rsquo;arr\u00eater.<\/p>\n<p>Les cabines sont spacieuses et l&#8217;embarquement et le d\u00e9barquement sont tr\u00e8s confortables, car elles restent immobiles pendant l&#8217;embarquement et le d\u00e9barquement. En hiver, 10 skieurs ou snowboarders peuvent \u00eatre transport\u00e9s par t\u00e9l\u00e9cabine et en \u00e9t\u00e9, il y a de la place pour 5 personnes en VTT. Il est pr\u00e9vu que les t\u00e9l\u00e9cabines puissent \u00e9galement \u00eatre utilis\u00e9es le soir, c&rsquo;est pourquoi un \u00e9clairage d&rsquo;ambiance a \u00e9t\u00e9 install\u00e9. Un syst\u00e8me pratique de chargement des t\u00e9l\u00e9phones portables est \u00e9galement disponible.<\/p>\n\n<h3>4 Vall\u00e9es &#8211; <a href=\"https:\/\/fr.snowell.com\/location-ski\/suisse\/valais\/region-valais\/verbier\/\" target=\"_blank\" rel=\"noopener\">Verbier<\/a> \/ <a href=\"https:\/\/fr.snowell.com\/location-ski\/suisse\/valais\/region-valais\/veysonnaz\/\" target=\"_blank\" rel=\"noopener\">Veysonnaz<\/a><\/h3>\n<h4>La Matze &#8211; Thyon &#8211; t\u00e9l\u00e9ski combin\u00e9<\/h4>\n<p>Un nouveau t\u00e9l\u00e9ski combin\u00e9, La Matze, a \u00e9t\u00e9 construit entre Les Collons 1900 et Thyon 2000, en remplacement de deux t\u00e9l\u00e9skis (Theytaz 1 et Matze). Il s&rsquo;agit d&rsquo;une combinaison de huit t\u00e9l\u00e9cabines panoramiques design \u00e0 10 places et de 28 t\u00e9l\u00e9si\u00e8ges \u00e0 six places.<\/p>\n<p>La remont\u00e9e est essentiellement con\u00e7ue pour les skieurs et les snowboarders, mais elle peut \u00e9galement \u00eatre utilis\u00e9e par les pi\u00e9tons. Ce sont surtout les amateurs de sports d&rsquo;hiver moins exp\u00e9riment\u00e9s qui se r\u00e9jouiront de la suppression des t\u00e9l\u00e9skis et de l&rsquo;utilisation du t\u00e9l\u00e9ph\u00e9rique, nettement plus confortable.<\/p>\n<p>Gr\u00e2ce au nouveau t\u00e9l\u00e9ph\u00e9rique, la piste peut \u00eatre \u00e9largie et l&rsquo;enneigement peut \u00eatre am\u00e9lior\u00e9 par de nouveaux canons \u00e0 neige. Les amateurs de sports d&rsquo;hiver peuvent d\u00e9sormais non seulement faire du ski et du snowboard, mais aussi de la luge. En \u00e9t\u00e9, le t\u00e9l\u00e9ph\u00e9rique peut \u00e9galement \u00eatre utilis\u00e9 pour des activit\u00e9s telles que le transport de VTT.[\/vc_column_text][vc_single_image media=\u00a0\u00bb3598&Prime; media_width_percent=\u00a0\u00bb100&Prime; uncode_shortcode_id=\u00a0\u00bb262198&Prime;][vc_column_text uncode_shortcode_id=\u00a0\u00bb184183&Prime;]\u00a9 photos THYON 4 VALL\u00c9ES<br \/>\nNouvelles remont\u00e9es m\u00e9caniques en Suisse 2023\/2024 \u2744\ufe0f <a href=\"http:\/\/www.4vallees.ch\/\" target=\"_blank\" rel=\"noopener\">4 Vall\u00e9es<\/a>[\/vc_column_text][\/vc_column][\/vc_row][vc_row][vc_column width=\u00a0\u00bb1\/1&Prime;][vc_column_text uncode_shortcode_id=\u00a0\u00bb201514&Prime;]<\/p>\n<h3>Les Portes du Soleil &#8211; Morgins<\/h3>\n<h4>Morgins &#8211; La Foilleuse<\/h4>\n<p>La nouvelle t\u00e9l\u00e9cabine 10 places Morgins &#8211; La Foilleuse repr\u00e9sente un progr\u00e8s d\u00e9cisif pour le domaine skiable transfrontalier des Portes du Soleil, qui comprend des parties de la Suisse et de la France. Mise en service en 2023, cette installation ultramoderne remplacera le t\u00e9l\u00e9si\u00e8ge 3 places de La Foilleuse, obsol\u00e8te, qui \u00e9tait en service depuis 1983.<\/p>\n<p>La t\u00e9l\u00e9cabine joue un r\u00f4le cl\u00e9 de desserte et am\u00e9liore ainsi consid\u00e9rablement l&rsquo;accessibilit\u00e9 au domaine skiable depuis <a href=\"https:\/\/fr.snowell.com\/location-ski\/suisse\/valais\/region-valais\/morgins\/\" target=\"_blank\" rel=\"noopener\">Morgins<\/a>.<\/p>\n<p>Avec cette nouvelle remont\u00e9e moderne, le confort des amateurs de ski et de snowboard s&rsquo;est consid\u00e9rablement am\u00e9lior\u00e9. Gr\u00e2ce \u00e0 la bonne liaison avec le t\u00e9l\u00e9ph\u00e9rique, les amateurs de sports d&rsquo;hiver avec enfants peuvent d\u00e9sormais profiter de leurs vacances \u00e0 Morgins encore plus sereinement.[\/vc_column_text][vc_single_image media=\u00a0\u00bb3594&Prime; media_width_percent=\u00a0\u00bb100&Prime; uncode_shortcode_id=\u00a0\u00bb106083&Prime;][vc_column_text uncode_shortcode_id=\u00a0\u00bb103147&Prime;]\u00a9 photos Portes du Soleil<br \/>\nNouvelles remont\u00e9es m\u00e9caniques en Suisse 2023\/2024 \u2744\ufe0f <a href=\"https:\/\/www.portesdusoleil.com\/\" target=\"_blank\" rel=\"noopener\">Portes du Soleil<\/a>[\/vc_column_text][\/vc_column][\/vc_row][vc_row][vc_column width=\u00a0\u00bb1\/1&Prime;][vc_column_text uncode_shortcode_id=\u00a0\u00bb196213&Prime;]Plusieurs nouvelles remont\u00e9es m\u00e9caniques et t\u00e9l\u00e9ph\u00e9riques sont d\u00e9j\u00e0 pr\u00e9vues en Suisse pour la saison d&rsquo;hiver 2024\/2025, par exemple \u00e0 <a href=\"https:\/\/fr.snowell.com\/location-ski\/suisse\/valais\/region-valais\/saas-fee\/\" target=\"_blank\" rel=\"noopener\">Saas-Fee<\/a> et <a href=\"https:\/\/fr.snowell.com\/location-ski\/suisse\/valais\/region-valais\/crans-montana\/\" target=\"_blank\" rel=\"noopener\">Crans-Montana<\/a>. D\u00e8s que les travaux de construction auront commenc\u00e9 et que de plus amples informations seront disponibles, SNOWELL t&rsquo;informera dans un nouveau blog.[\/vc_column_text][\/vc_column][\/vc_row]<\/p>\n<\/div>","protected":false},"excerpt":{"rendered":"<p>[vc_row][vc_column width=\u00a0\u00bb1\/1&Prime;][vc_column_text uncode_shortcode_id=\u00a0\u00bb535019&Prime;] Nouvelles remont\u00e9es m\u00e9caniques et t\u00e9l\u00e9cabines dans les domaines skiables de Suisse De nombreux domaines skiables en Suisse [&hellip;]<\/p>\n","protected":false},"author":3,"featured_media":3606,"comment_status":"closed","ping_status":"closed","sticky":false,"template":"","format":"standard","meta":{"footnotes":""},"categories":[456],"tags":[465,506,505,459,507],"class_list":["post-3626","post","type-post","status-publish","format-standard","has-post-thumbnail","hentry","category-nouvelles-des-vacances-au-ski","tag-bergbahnen","tag-neuigkeiten","tag-skigebiete","tag-skiurlaub","tag-wissenswertes"],"_links":{"self":[{"href":"https:\/\/fr.snowell.com\/ski-tips\/wp-json\/wp\/v2\/posts\/3626","targetHints":{"allow":["GET"]}}],"collection":[{"href":"https:\/\/fr.snowell.com\/ski-tips\/wp-json\/wp\/v2\/posts"}],"about":[{"href":"https:\/\/fr.snowell.com\/ski-tips\/wp-json\/wp\/v2\/types\/post"}],"author":[{"embeddable":true,"href":"https:\/\/fr.snowell.com\/ski-tips\/wp-json\/wp\/v2\/users\/3"}],"replies":[{"embeddable":true,"href":"https:\/\/fr.snowell.com\/ski-tips\/wp-json\/wp\/v2\/comments?post=3626"}],"version-history":[{"count":6,"href":"https:\/\/fr.snowell.com\/ski-tips\/wp-json\/wp\/v2\/posts\/3626\/revisions"}],"predecessor-version":[{"id":4981,"href":"https:\/\/fr.snowell.com\/ski-tips\/wp-json\/wp\/v2\/posts\/3626\/revisions\/4981"}],"wp:featuredmedia":[{"embeddable":true,"href":"https:\/\/fr.snowell.com\/ski-tips\/wp-json\/wp\/v2\/media\/3606"}],"wp:attachment":[{"href":"https:\/\/fr.snowell.com\/ski-tips\/wp-json\/wp\/v2\/media?parent=3626"}],"wp:term":[{"taxonomy":"category","embeddable":true,"href":"https:\/\/fr.snowell.com\/ski-tips\/wp-json\/wp\/v2\/categories?post=3626"},{"taxonomy":"post_tag","embeddable":true,"href":"https:\/\/fr.snowell.com\/ski-tips\/wp-json\/wp\/v2\/tags?post=3626"}],"curies":[{"name":"wp","href":"https:\/\/api.w.org\/{rel}","templated":true}]}}